{"id":12463,"date":"2026-04-29T09:08:35","date_gmt":"2026-04-29T13:08:35","guid":{"rendered":"https:\/\/reinadelcielo.cl\/radio\/?p=12463"},"modified":"2026-04-29T09:08:35","modified_gmt":"2026-04-29T13:08:35","slug":"contemplar-el-evangelio-de-hoy-miercoles-29-de-abril-de-2026","status":"publish","type":"post","link":"https:\/\/reinadelcielo.cl\/radio\/2026\/04\/29\/contemplar-el-evangelio-de-hoy-miercoles-29-de-abril-de-2026\/","title":{"rendered":"Contemplar el Evangelio de hoy mi\u00e9rcoles 29 de abril de 2026"},"content":{"rendered":"<p>D\u00eda lit\u00fargico: Mi\u00e9rcoles 4 de Pascua<\/p>\n<p>29 de abril: Santa Catalina de Siena, virgen y doctora de la Iglesia, patrona de Europa<\/p>\n<p>Texto del Evangelio (Jn 12,44-50):<\/p>\n<p>Jes\u00fas exclam\u00f3: El que cree en m\u00ed, en realidad no cree en m\u00ed, sino en Aqu\u00e9l que me envi\u00f3. Y el que me ve, ve al que me envi\u00f3. Yo soy la luz, y he venido al mundo para que todo el que crea en m\u00ed no permanezca en las tinieblas.<\/p>\n<p>Al que escucha mis palabras y no las cumple, Yo no lo juzgo, porque no vine a juzgar al mundo, sino a salvar al mundo. El que me rechaza y no recibe mis palabras, ya tiene quien lo juzgue: la palabra que Yo he anunciado es la que lo juzgar\u00e1 en el \u00faltimo d\u00eda.<\/p>\n<p>Porque Yo no habl\u00e9 por m\u00ed mismo: el Padre que me ha enviado me orden\u00f3 lo que deb\u00eda decir y anunciar; y Yo s\u00e9 que su mandato es Vida eterna. Las palabras que digo, las digo como el Padre me lo orden\u00f3.<\/p>\n<p>Palabra del Se\u00f1or.<\/p>\n<p>Reflexi\u00f3n<\/p>\n<p>En el evangelio de hoy, Jes\u00fas nos hace una clara invitaci\u00f3n a creer en \u00c9l. Creer en Jes\u00fas es abrirse a Dios mismo. No se trata solo de aceptar una idea, sino de entrar en una relaci\u00f3n viva. Quien se acerca a \u00c9l, se acerca al Padre; quien conf\u00eda en su palabra, comienza a vivir desde una verdad m\u00e1s profunda.<\/p>\n<p>Muchas veces reducimos la fe a algo externo o a momentos puntuales. Sin embargo, el evangelio nos recuerda que creer transforma la mirada, cambia la manera de vivir, ilumina el camino.<\/p>\n<p>En nuestra vida cotidiana, esta invitaci\u00f3n nos llama a preguntarnos: \u00bfmi fe es algo superficial o realmente orienta mis decisiones?<\/p>\n<p>Jes\u00fas se presenta como la luz que viene al mundo. No una luz que juzga desde lejos, sino una luz que ilumina, que permite ver con claridad, que ayuda a distinguir el bien del mal.<\/p>\n<p>Todos, en alg\u00fan momento, experimentamos oscuridad: dudas, confusi\u00f3n, momentos en los que no sabemos c\u00f3mo seguir. El evangelio no niega esas experiencias, pero nos recuerda que hay una luz disponible.<\/p>\n<p>Abrirse a esa luz implica dejarse iluminar, incluso en aquello que nos cuesta reconocer. Es un camino de sinceridad y de verdad.<\/p>\n<p>Jes\u00fas insiste en que su palabra no es algo pasajero. No es una opini\u00f3n m\u00e1s entre tantas, sino una palabra que orienta, que da vida, que conduce.<\/p>\n<p>En un mundo lleno de mensajes, consejos y opiniones, no siempre es f\u00e1cil discernir qu\u00e9 camino seguir. Por eso, el evangelio nos invita a volver a lo esencial, a dejarnos guiar por una palabra que no cambia con el tiempo.<\/p>\n<p>En la vida diaria, esto se traduce en decisiones concretas: elegir el bien, actuar con justicia, vivir con coherencia. La palabra de Dios no queda en lo abstracto, se hace vida en lo cotidiano.<\/p>\n<p>El mensaje central de este evangelio es una invitaci\u00f3n a vivir en la luz, a creer y a dejarnos guiar por la palabra de Dios. No es un llamado exigente desde afuera, sino una propuesta que conduce a la vida.<\/p>\n<p>Que este tiempo pascual nos ayude a caminar en la luz, confiando en que Dios nos gu\u00eda, nos sostiene y nos conduce siempre hacia una vida m\u00e1s plena.<\/p>\n<p>Hoy podemos preguntarnos con sinceridad: \u00bfestoy viviendo en la luz o me estoy quedando en la oscuridad? \u00bfDejo que la palabra de Dios oriente mi vida?<\/p>\n<p>Se\u00f1or Jes\u00fas, danos la gracia de creer con m\u00e1s profundidad, de dejarnos iluminar por tu Palabra y de vivir con mayor coherencia nuestra fe. Am\u00e9n.<\/p>\n<p>Bendiciones.<\/p>\n","protected":false},"excerpt":{"rendered":"<p>D\u00eda lit\u00fargico: Mi\u00e9rcoles 4 de Pascua 29 de abril: Santa Catalina de Siena, virgen y doctora de la Iglesia, patrona de Europa Texto del Evangelio (Jn 12,44-50): Jes\u00fas exclam\u00f3: El que cree en m\u00ed, en realidad no cree en m\u00ed, sino en Aqu\u00e9l que me envi\u00f3. Y el que me ve, ve al que me &hellip;<\/p>\n","protected":false},"author":2,"featured_media":7722,"comment_status":"closed","ping_status":"closed","sticky":false,"template":"","format":"standard","meta":{"footnotes":""},"categories":[25],"tags":[250,83],"class_list":["post-12463","post","type-post","status-publish","format-standard","has-post-thumbnail","","category-evangelio-del-dia","tag-evangeliodeldia","tag-san-juan"],"_links":{"self":[{"href":"https:\/\/reinadelcielo.cl\/radio\/wp-json\/wp\/v2\/posts\/12463","targetHints":{"allow":["GET"]}}],"collection":[{"href":"https:\/\/reinadelcielo.cl\/radio\/wp-json\/wp\/v2\/posts"}],"about":[{"href":"https:\/\/reinadelcielo.cl\/radio\/wp-json\/wp\/v2\/types\/post"}],"author":[{"embeddable":true,"href":"https:\/\/reinadelcielo.cl\/radio\/wp-json\/wp\/v2\/users\/2"}],"replies":[{"embeddable":true,"href":"https:\/\/reinadelcielo.cl\/radio\/wp-json\/wp\/v2\/comments?post=12463"}],"version-history":[{"count":1,"href":"https:\/\/reinadelcielo.cl\/radio\/wp-json\/wp\/v2\/posts\/12463\/revisions"}],"predecessor-version":[{"id":12464,"href":"https:\/\/reinadelcielo.cl\/radio\/wp-json\/wp\/v2\/posts\/12463\/revisions\/12464"}],"wp:featuredmedia":[{"embeddable":true,"href":"https:\/\/reinadelcielo.cl\/radio\/wp-json\/wp\/v2\/media\/7722"}],"wp:attachment":[{"href":"https:\/\/reinadelcielo.cl\/radio\/wp-json\/wp\/v2\/media?parent=12463"}],"wp:term":[{"taxonomy":"category","embeddable":true,"href":"https:\/\/reinadelcielo.cl\/radio\/wp-json\/wp\/v2\/categories?post=12463"},{"taxonomy":"post_tag","embeddable":true,"href":"https:\/\/reinadelcielo.cl\/radio\/wp-json\/wp\/v2\/tags?post=12463"}],"curies":[{"name":"wp","href":"https:\/\/api.w.org\/{rel}","templated":true}]}}