{"id":12456,"date":"2026-04-27T09:10:04","date_gmt":"2026-04-27T13:10:04","guid":{"rendered":"https:\/\/reinadelcielo.cl\/radio\/?p=12456"},"modified":"2026-04-27T09:10:04","modified_gmt":"2026-04-27T13:10:04","slug":"contemplar-el-evangelio-de-hoy-lunes-27-de-abril-de-2026","status":"publish","type":"post","link":"https:\/\/reinadelcielo.cl\/radio\/2026\/04\/27\/contemplar-el-evangelio-de-hoy-lunes-27-de-abril-de-2026\/","title":{"rendered":"Contemplar el Evangelio de hoy lunes 27 de abril de 2026"},"content":{"rendered":"<p>D\u00eda lit\u00fargico: Lunes IV (A) de Pascua<\/p>\n<p>27 de abril: La Virgen de Montserrat, patrona principal de Catalu\u00f1a<\/p>\n<p>Texto del Evangelio (Jn 10,11-18):<\/p>\n<p>Jes\u00fas dijo a los fariseos: Yo soy el buen Pastor. El buen Pastor da su vida por las ovejas. El asalariado, en cambio, que no es el pastor y al que no pertenecen las ovejas, cuando ve venir al lobo las abandona y huye, y el lobo las arrebata y la dispersa. Como es asalariado, no se preocupa por las ovejas. Yo soy el buen Pastor: conozco a mis ovejas, y mis ovejas me conocen a m\u00ed \u2013como el Padre me conoce a m\u00ed y yo conozco al Padre\u2013 y doy mi vida por las ovejas.<\/p>\n<p>Tengo, adem\u00e1s, otras ovejas que no son de este corral y a las que debo tambi\u00e9n conducir: ellas oir\u00e1n mi voz, y as\u00ed habr\u00e1 un solo Reba\u00f1o y un solo Pastor. El Padre me ama porque yo doy mi vida para recobrarla. Nadie me la quita, sino que la doy por m\u00ed mismo. Tengo el poder de darla y de recobrarla: este es el mandato que recib\u00ed de mi Padre.<\/p>\n<p>Palabra del Se\u00f1or.<\/p>\n<p>Reflexi\u00f3n<\/p>\n<p>El evangelio de hoy nos invita nuevamente a contemplar el rostro de Jes\u00fas Buen Pastor. Imagen que caracterizaba la liturgia de ayer domingo. El evangelista Juan nos ofrece en este hermoso texto, cu\u00e1les son las caracter\u00edsticas de una aut\u00e9ntica representaci\u00f3n de Jes\u00fas como Buen Pastor.<\/p>\n<p>En primer lugar, el \u201cBuen Pastor\u201d conoce y se preocupa de sus ovejas. No las abandona nunca. No las olvida. Vive pendiente de ellas. Est\u00e1 siempre atento a las m\u00e1s d\u00e9biles o enfermas. No es como el pastor mercenario que, cuando ve alg\u00fan peligro, huye para salvar su vida abandonando al reba\u00f1o. No le importan las ovejas.<\/p>\n<p>Jes\u00fas hab\u00eda dejado en la gente un recuerdo imborrable. La figura de Jes\u00fas buen pastor fue muy pronto la imagen m\u00e1s querida por sus seguidores. Ya en las catacumbas de Roma se le representa cargando sobre sus hombros a la oveja perdida. Los relatos evang\u00e9licos lo describen preocupado por los enfermos, los marginados, los peque\u00f1os, los m\u00e1s indefensos y olvidados, los m\u00e1s perdidos. No parece preocuparse de s\u00ed mismo. Siempre se le ve pensando en los dem\u00e1s. Le importan sobre todo los m\u00e1s desvalidos.<\/p>\n<p>Pero hay algo m\u00e1s. \u201cEl Buen Pastor da la vida por sus ovejas\u201d. Hasta cinco veces repite el evangelio de Juan este lenguaje. El amor de Jes\u00fas a la gente no tiene l\u00edmites. Ama a los dem\u00e1s m\u00e1s que a s\u00ed mismo. Ama a todos con amor de buen pastor que no huye ante el peligro, sino que da su vida por salvar al reba\u00f1o.<\/p>\n<p>Por eso, la imagen de Jes\u00fas, \u201cBuen Pastor\u201d, se convirti\u00f3 en un mensaje de consuelo y confianza para sus seguidores. Los cristianos aprendieron a dirigirse a Jes\u00fas con palabras tomadas del salmo 22: \u201cEl Se\u00f1or es mi pastor, nada me falta&#8230;aunque camine por ca\u00f1adas oscuras, nada temo, porque t\u00fa vas conmigo\u2026Tu bondad y tu misericordia me acompa\u00f1an todos los d\u00edas de mi vida\u201d.<\/p>\n<p>Jes\u00fas, Buen Pastor, es el espejo en que tendr\u00edamos que mirarnos todos los que de alguna manera somos \u201cpastores\u201d, o sea, tenemos encargos de autoridad o de ministerio con relaci\u00f3n a otros: en la Iglesia, en la parroquia, en la comunidad religiosa, en la familia, en cualquier agrupaci\u00f3n cristiana o humana.<\/p>\n<p>El aut\u00e9ntico disc\u00edpulo del Se\u00f1or est\u00e1 llamado a encarnar en su historia los rasgos esenciales del Buen Pastor, cuya identidad propia, como hemos visto, es la del amor gratuito por su reba\u00f1o. Es bueno que hoy hagamos un examen de conciencia, pensando ante todo si en verdad somos nosotros mismas ovejas de Cristo: si lo conocemos, obedecemos su voz y lo seguimos. Pero tambi\u00e9n, en cuanto estamos revestidos de mayor o menor autoridad para con los dem\u00e1s, mirando las cualidades que Jes\u00fas describe y cumple.<\/p>\n<p>\u00bfSomos buenos pastores? \u00bfNos preocupamos de los dem\u00e1s? \u00bfBuscamos su inter\u00e9s, o el nuestro? \u00bfNos sacrificamos por aquellos de los que somos encargados, hasta dar la vida por ellos? \u00bfLes dedicamos gratuitamente nuestro tiempo? \u00bfSe puede decir que nuestro trabajo pastoral contin\u00faa la misi\u00f3n de Jes\u00fas-Pastor?<\/p>\n<p>La experiencia de sentirnos amados por Dios \u00bfQu\u00e9 tanto nos motiva para entregar nuestra vida al servicio del pr\u00f3jimo? \u00bfQu\u00e9 voz seguimos cuando escuchamos tanto ruido en nuestra sociedad?<\/p>\n<p>Se\u00f1or, vivimos dispersos y solitarios. Gracias por ser el Pastor que nos re\u00fane y nos conduce hacia la vida eterna. Am\u00e9n.<\/p>\n<p>Bendiciones.<\/p>\n","protected":false},"excerpt":{"rendered":"<p>D\u00eda lit\u00fargico: Lunes IV (A) de Pascua 27 de abril: La Virgen de Montserrat, patrona principal de Catalu\u00f1a Texto del Evangelio (Jn 10,11-18): Jes\u00fas dijo a los fariseos: Yo soy el buen Pastor. El buen Pastor da su vida por las ovejas. El asalariado, en cambio, que no es el pastor y al que no &hellip;<\/p>\n","protected":false},"author":2,"featured_media":10178,"comment_status":"closed","ping_status":"closed","sticky":false,"template":"","format":"standard","meta":{"footnotes":""},"categories":[1],"tags":[250,83],"class_list":["post-12456","post","type-post","status-publish","format-standard","has-post-thumbnail","","category-uncategorized","tag-evangeliodeldia","tag-san-juan"],"_links":{"self":[{"href":"https:\/\/reinadelcielo.cl\/radio\/wp-json\/wp\/v2\/posts\/12456","targetHints":{"allow":["GET"]}}],"collection":[{"href":"https:\/\/reinadelcielo.cl\/radio\/wp-json\/wp\/v2\/posts"}],"about":[{"href":"https:\/\/reinadelcielo.cl\/radio\/wp-json\/wp\/v2\/types\/post"}],"author":[{"embeddable":true,"href":"https:\/\/reinadelcielo.cl\/radio\/wp-json\/wp\/v2\/users\/2"}],"replies":[{"embeddable":true,"href":"https:\/\/reinadelcielo.cl\/radio\/wp-json\/wp\/v2\/comments?post=12456"}],"version-history":[{"count":1,"href":"https:\/\/reinadelcielo.cl\/radio\/wp-json\/wp\/v2\/posts\/12456\/revisions"}],"predecessor-version":[{"id":12457,"href":"https:\/\/reinadelcielo.cl\/radio\/wp-json\/wp\/v2\/posts\/12456\/revisions\/12457"}],"wp:featuredmedia":[{"embeddable":true,"href":"https:\/\/reinadelcielo.cl\/radio\/wp-json\/wp\/v2\/media\/10178"}],"wp:attachment":[{"href":"https:\/\/reinadelcielo.cl\/radio\/wp-json\/wp\/v2\/media?parent=12456"}],"wp:term":[{"taxonomy":"category","embeddable":true,"href":"https:\/\/reinadelcielo.cl\/radio\/wp-json\/wp\/v2\/categories?post=12456"},{"taxonomy":"post_tag","embeddable":true,"href":"https:\/\/reinadelcielo.cl\/radio\/wp-json\/wp\/v2\/tags?post=12456"}],"curies":[{"name":"wp","href":"https:\/\/api.w.org\/{rel}","templated":true}]}}