{"id":12183,"date":"2025-12-17T10:56:34","date_gmt":"2025-12-17T14:56:34","guid":{"rendered":"https:\/\/reinadelcielo.cl\/radio\/?p=12183"},"modified":"2025-12-17T10:56:34","modified_gmt":"2025-12-17T14:56:34","slug":"parroquia-de-quilleco-conmemoro-los-19-anos-de-sacerdocio-del-padre-rogelio-azocar","status":"publish","type":"post","link":"https:\/\/reinadelcielo.cl\/radio\/2025\/12\/17\/parroquia-de-quilleco-conmemoro-los-19-anos-de-sacerdocio-del-padre-rogelio-azocar\/","title":{"rendered":"Parroquia de Quilleco conmemor\u00f3 los 19 a\u00f1os de sacerdocio del Padre Rogelio Az\u00f3car"},"content":{"rendered":"<p style=\"text-align: left;\">La comunidad parroquial de Nuestra Se\u00f1ora de las Mercedes de Quilleco celebr\u00f3 los 19 a\u00f1os de sacerdocio del Padre Rogelio Az\u00f3car, destacando su vocaci\u00f3n, servicio pastoral y compromiso con las familias de Quilleco.<\/p>\n<p>Con profundo cari\u00f1o y gratitud, la Comunidad Parroquial de Nuestra Se\u00f1ora de las Mercedes de Quilleco salud\u00f3 y celebr\u00f3 el 19\u00b0 aniversario sacerdotal del Padre Rogelio Az\u00f3car Ulloa, conmemoraci\u00f3n realizada el pasado 15 de diciembre.<\/p>\n<p><img loading=\"lazy\" decoding=\"async\" class=\"alignnone wp-image-12184 size-full\" src=\"http:\/\/reinadelcielo.cl\/radio\/wp-content\/uploads\/2025\/12\/Parroquia-de-Quilleco.jpeg\" alt=\"\" width=\"1600\" height=\"1296\" srcset=\"https:\/\/reinadelcielo.cl\/radio\/wp-content\/uploads\/2025\/12\/Parroquia-de-Quilleco.jpeg 1600w, https:\/\/reinadelcielo.cl\/radio\/wp-content\/uploads\/2025\/12\/Parroquia-de-Quilleco-300x243.jpeg 300w, https:\/\/reinadelcielo.cl\/radio\/wp-content\/uploads\/2025\/12\/Parroquia-de-Quilleco-1024x829.jpeg 1024w, https:\/\/reinadelcielo.cl\/radio\/wp-content\/uploads\/2025\/12\/Parroquia-de-Quilleco-768x622.jpeg 768w, https:\/\/reinadelcielo.cl\/radio\/wp-content\/uploads\/2025\/12\/Parroquia-de-Quilleco-1536x1244.jpeg 1536w\" sizes=\"auto, (max-width: 1600px) 100vw, 1600px\" \/><\/p>\n<p>La comunidad elev\u00f3 un sincero agradecimiento a Dios por la vocaci\u00f3n fiel del sacerdote, destacando su entrega generosa al servicio del Evangelio y su permanente acompa\u00f1amiento pastoral. Su testimonio de fe, sencillez y compromiso ha sido reconocido como una verdadera bendici\u00f3n para las familias y para toda la vida parroquial.<\/p>\n<p>Durante este nuevo aniversario, los fieles expresaron sus mejores deseos para que el Se\u00f1or contin\u00fae fortaleci\u00e9ndolo en su ministerio, y para que la protecci\u00f3n de Nuestra Se\u00f1ora de las Mercedes lo acompa\u00f1e en cada paso de su misi\u00f3n pastoral.<\/p>\n<p>La comunidad parroquial renov\u00f3 adem\u00e1s su compromiso de oraci\u00f3n y cercan\u00eda, deseando que los a\u00f1os venideros sigan dando abundantes frutos de fe, esperanza y amor en beneficio de toda la comunidad de Quilleco.<\/p>\n","protected":false},"excerpt":{"rendered":"<p>La comunidad parroquial de Nuestra Se\u00f1ora de las Mercedes de Quilleco celebr\u00f3 los 19 a\u00f1os de sacerdocio del Padre Rogelio Az\u00f3car, destacando su vocaci\u00f3n, servicio pastoral y compromiso con las familias de Quilleco. Con profundo cari\u00f1o y gratitud, la Comunidad Parroquial de Nuestra Se\u00f1ora de las Mercedes de Quilleco salud\u00f3 y celebr\u00f3 el 19\u00b0 aniversario &hellip;<\/p>\n","protected":false},"author":2,"featured_media":12185,"comment_status":"closed","ping_status":"closed","sticky":false,"template":"","format":"standard","meta":{"footnotes":""},"categories":[3],"tags":[],"class_list":["post-12183","post","type-post","status-publish","format-standard","has-post-thumbnail","","category-noticias"],"_links":{"self":[{"href":"https:\/\/reinadelcielo.cl\/radio\/wp-json\/wp\/v2\/posts\/12183","targetHints":{"allow":["GET"]}}],"collection":[{"href":"https:\/\/reinadelcielo.cl\/radio\/wp-json\/wp\/v2\/posts"}],"about":[{"href":"https:\/\/reinadelcielo.cl\/radio\/wp-json\/wp\/v2\/types\/post"}],"author":[{"embeddable":true,"href":"https:\/\/reinadelcielo.cl\/radio\/wp-json\/wp\/v2\/users\/2"}],"replies":[{"embeddable":true,"href":"https:\/\/reinadelcielo.cl\/radio\/wp-json\/wp\/v2\/comments?post=12183"}],"version-history":[{"count":1,"href":"https:\/\/reinadelcielo.cl\/radio\/wp-json\/wp\/v2\/posts\/12183\/revisions"}],"predecessor-version":[{"id":12186,"href":"https:\/\/reinadelcielo.cl\/radio\/wp-json\/wp\/v2\/posts\/12183\/revisions\/12186"}],"wp:featuredmedia":[{"embeddable":true,"href":"https:\/\/reinadelcielo.cl\/radio\/wp-json\/wp\/v2\/media\/12185"}],"wp:attachment":[{"href":"https:\/\/reinadelcielo.cl\/radio\/wp-json\/wp\/v2\/media?parent=12183"}],"wp:term":[{"taxonomy":"category","embeddable":true,"href":"https:\/\/reinadelcielo.cl\/radio\/wp-json\/wp\/v2\/categories?post=12183"},{"taxonomy":"post_tag","embeddable":true,"href":"https:\/\/reinadelcielo.cl\/radio\/wp-json\/wp\/v2\/tags?post=12183"}],"curies":[{"name":"wp","href":"https:\/\/api.w.org\/{rel}","templated":true}]}}