{"id":12071,"date":"2025-11-09T08:33:26","date_gmt":"2025-11-09T12:33:26","guid":{"rendered":"https:\/\/reinadelcielo.cl\/radio\/?p=12071"},"modified":"2025-11-09T08:33:26","modified_gmt":"2025-11-09T12:33:26","slug":"41a-peregrinacion-juvenil-a-yumbel-reune-a-miles-de-jovenes-de-la-arquidiocesis-de-concepcion-en-jornada-de-fe-y-esperanza","status":"publish","type":"post","link":"https:\/\/reinadelcielo.cl\/radio\/2025\/11\/09\/41a-peregrinacion-juvenil-a-yumbel-reune-a-miles-de-jovenes-de-la-arquidiocesis-de-concepcion-en-jornada-de-fe-y-esperanza\/","title":{"rendered":"41\u00aa Peregrinaci\u00f3n Juvenil a Yumbel re\u00fane a miles de j\u00f3venes de la Arquidi\u00f3cesis de Concepci\u00f3n en jornada de fe y esperanza"},"content":{"rendered":"<p>Miles de j\u00f3venes de la Arquidi\u00f3cesis de Concepci\u00f3n participaron en la 41\u00aa Peregrinaci\u00f3n Juvenil al Santuario de San Sebasti\u00e1n de Yumbel, actividad organizada por la Vicar\u00eda Pastoral de la Juventud bajo el lema \u201cJ\u00f3venes Peregrinos de la Esperanza, Testimonios de Paz\u201d. El encuentro incluy\u00f3 adoraci\u00f3n, instancias de reflexi\u00f3n y la entrega de alimentos como obra de misericordia.<\/p>\n<p><img loading=\"lazy\" decoding=\"async\" class=\"alignnone wp-image-12077 size-full\" src=\"http:\/\/reinadelcielo.cl\/radio\/wp-content\/uploads\/2025\/11\/Peregrinacion-Juvenil-a-Yumbel-6-scaled.jpg\" alt=\"\" width=\"2560\" height=\"1707\" srcset=\"https:\/\/reinadelcielo.cl\/radio\/wp-content\/uploads\/2025\/11\/Peregrinacion-Juvenil-a-Yumbel-6-scaled.jpg 2560w, https:\/\/reinadelcielo.cl\/radio\/wp-content\/uploads\/2025\/11\/Peregrinacion-Juvenil-a-Yumbel-6-300x200.jpg 300w, https:\/\/reinadelcielo.cl\/radio\/wp-content\/uploads\/2025\/11\/Peregrinacion-Juvenil-a-Yumbel-6-1024x683.jpg 1024w, https:\/\/reinadelcielo.cl\/radio\/wp-content\/uploads\/2025\/11\/Peregrinacion-Juvenil-a-Yumbel-6-768x512.jpg 768w, https:\/\/reinadelcielo.cl\/radio\/wp-content\/uploads\/2025\/11\/Peregrinacion-Juvenil-a-Yumbel-6-1536x1024.jpg 1536w, https:\/\/reinadelcielo.cl\/radio\/wp-content\/uploads\/2025\/11\/Peregrinacion-Juvenil-a-Yumbel-6-2048x1365.jpg 2048w\" sizes=\"auto, (max-width: 2560px) 100vw, 2560px\" \/><\/p>\n<p>Miles de j\u00f3venes y tambi\u00e9n adultos acudieron de desde distintos rincones de la Arquidi\u00f3cesis de la Sant\u00edsima Concepci\u00f3n, para ser parte de la 41\u00b0 Peregrinaci\u00f3n Juvenil a Santuario de San Sebasti\u00e1n de Yumbel organizada por la Vicar\u00eda Pastoral de la Juventud, que este a\u00f1o convoc\u00f3 a los fieles con el lema \u201cJ\u00f3venes Peregrinos de la Esperanza, Testimonios de Paz\u201d.<\/p>\n<p>El punto de encuentro fue el estadio de Monte \u00c1guila, donde arribaron las distintas delegaciones desde las 08:00 de la ma\u00f1ana del s\u00e1bado 8 de noviembre. All\u00ed cantaron y bailaron junto a Fer Torres, para luego tener un momento de adoraci\u00f3n y env\u00edo junto al Sant\u00edsimo Sacramento que presidi\u00f3 los primeros kil\u00f3metros de camino rumbo a la primera estaci\u00f3n.<\/p>\n<p><img loading=\"lazy\" decoding=\"async\" class=\"alignnone wp-image-12076 size-full\" src=\"http:\/\/reinadelcielo.cl\/radio\/wp-content\/uploads\/2025\/11\/Peregrinacion-Juvenil-a-Yumbel-5-scaled.jpg\" alt=\"\" width=\"2560\" height=\"1707\" srcset=\"https:\/\/reinadelcielo.cl\/radio\/wp-content\/uploads\/2025\/11\/Peregrinacion-Juvenil-a-Yumbel-5-scaled.jpg 2560w, https:\/\/reinadelcielo.cl\/radio\/wp-content\/uploads\/2025\/11\/Peregrinacion-Juvenil-a-Yumbel-5-300x200.jpg 300w, https:\/\/reinadelcielo.cl\/radio\/wp-content\/uploads\/2025\/11\/Peregrinacion-Juvenil-a-Yumbel-5-1024x683.jpg 1024w, https:\/\/reinadelcielo.cl\/radio\/wp-content\/uploads\/2025\/11\/Peregrinacion-Juvenil-a-Yumbel-5-768x512.jpg 768w, https:\/\/reinadelcielo.cl\/radio\/wp-content\/uploads\/2025\/11\/Peregrinacion-Juvenil-a-Yumbel-5-1536x1024.jpg 1536w, https:\/\/reinadelcielo.cl\/radio\/wp-content\/uploads\/2025\/11\/Peregrinacion-Juvenil-a-Yumbel-5-2048x1365.jpg 2048w\" sizes=\"auto, (max-width: 2560px) 100vw, 2560px\" \/><\/p>\n<p>En el trayecto, los peregrinos fueron animados por los estamentos de Movimientos, Colegios Cat\u00f3licos, Pastoral de Educaci\u00f3n Superior y Parroquias, en cuatro estaciones que adem\u00e1s les ayudaron a reflexionar acerca de los pasos para obtener la indulgencia plenaria. Una vez en el Santuario, agentes de Pastoral Social Caritas esperaron en el ingreso al campo de oraci\u00f3n, para recibir los alimentos no perecibles que fueron la obra de misericordia de cada uno de los caminantes.<\/p>\n<p>La Eucarist\u00eda fue presidida por el Arzobispo de Concepci\u00f3n, Monse\u00f1or Sergio P\u00e9rez de Arce SS.CC., y concelebrada por los Obispos Auxiliares Bernardo \u00c1lvarez y Oscar Garc\u00eda, junto a numerosos sacerdotes y di\u00e1conos permanentes. El celebrante anim\u00f3 a los presentes a \u201cser constructores de fraternidad, de comuni\u00f3n, donde sea que est\u00e9n. La indulgencia plenaria no es algo para nosotros, sino para acoger el don de Dios, su amor, y dar testimonio de ese amor en medio del mundo para ayudar y convivir con otros por caminos de paz, justicia y encuentro con el hermano\u00bb, destac\u00f3 el Pastor.<\/p>\n<p><img loading=\"lazy\" decoding=\"async\" class=\"alignnone wp-image-12075 size-full\" src=\"http:\/\/reinadelcielo.cl\/radio\/wp-content\/uploads\/2025\/11\/Peregrinacion-Juvenil-a-Yumbel-4-scaled.jpg\" alt=\"\" width=\"2560\" height=\"1707\" srcset=\"https:\/\/reinadelcielo.cl\/radio\/wp-content\/uploads\/2025\/11\/Peregrinacion-Juvenil-a-Yumbel-4-scaled.jpg 2560w, https:\/\/reinadelcielo.cl\/radio\/wp-content\/uploads\/2025\/11\/Peregrinacion-Juvenil-a-Yumbel-4-300x200.jpg 300w, https:\/\/reinadelcielo.cl\/radio\/wp-content\/uploads\/2025\/11\/Peregrinacion-Juvenil-a-Yumbel-4-1024x683.jpg 1024w, https:\/\/reinadelcielo.cl\/radio\/wp-content\/uploads\/2025\/11\/Peregrinacion-Juvenil-a-Yumbel-4-768x512.jpg 768w, https:\/\/reinadelcielo.cl\/radio\/wp-content\/uploads\/2025\/11\/Peregrinacion-Juvenil-a-Yumbel-4-1536x1024.jpg 1536w, https:\/\/reinadelcielo.cl\/radio\/wp-content\/uploads\/2025\/11\/Peregrinacion-Juvenil-a-Yumbel-4-2048x1365.jpg 2048w\" sizes=\"auto, (max-width: 2560px) 100vw, 2560px\" \/><\/p>\n<p>Uno de los peregrinos fue Antonio Zurita, de la Parroquia San Juan de Mata, quien se\u00f1al\u00f3 \u201cpara m\u00ed venir a esta peregrinaci\u00f3n significa darle una ofrenda y un sacrificio a Dios, para mostrarle que lo quiero y que estoy ah\u00ed con \u00c9l, que uno puede disfrutar de una larga caminata para despu\u00e9s compartir la Eucarist\u00eda con los amigos\u201d.<\/p>\n<p>Por su parte, Denisse Badilla, del Colegio Instituto San Jos\u00e9 de Ca\u00f1ete, dijo \u201cesta peregrinaci\u00f3n fue la primera en la que participo, sent\u00ed la presencia de Dios mientras iba caminando a trav\u00e9s de una brisa muy especial y creo que, as\u00ed como lo fue para m\u00ed, tambi\u00e9n lo fue para todos los que vivimos esta experiencia\u201d.<\/p>\n<p>En el equipo que hizo posible este acontecimiento de fe estuvieron los servidores de la Vicar\u00eda de Pastoral Juvenil. Una de ellas fue Valentina Carrillo, quien manifest\u00f3 \u201cfue un orgullo estar aqu\u00ed al servicio del Se\u00f1or, ver todo lo que hay detr\u00e1s, la organizaci\u00f3n, el esfuerzo, ver las caritas felices de los peregrinos tanto en el trayecto como al llegar al Santuario y, finalmente, vivir la Eucarist\u00eda\u201d.<\/p>\n<p><img loading=\"lazy\" decoding=\"async\" class=\"alignnone wp-image-12074 size-full\" src=\"http:\/\/reinadelcielo.cl\/radio\/wp-content\/uploads\/2025\/11\/Peregrinacion-Juvenil-a-Yumbel-3-scaled.jpg\" alt=\"\" width=\"2560\" height=\"1707\" srcset=\"https:\/\/reinadelcielo.cl\/radio\/wp-content\/uploads\/2025\/11\/Peregrinacion-Juvenil-a-Yumbel-3-scaled.jpg 2560w, https:\/\/reinadelcielo.cl\/radio\/wp-content\/uploads\/2025\/11\/Peregrinacion-Juvenil-a-Yumbel-3-300x200.jpg 300w, https:\/\/reinadelcielo.cl\/radio\/wp-content\/uploads\/2025\/11\/Peregrinacion-Juvenil-a-Yumbel-3-1024x683.jpg 1024w, https:\/\/reinadelcielo.cl\/radio\/wp-content\/uploads\/2025\/11\/Peregrinacion-Juvenil-a-Yumbel-3-768x512.jpg 768w, https:\/\/reinadelcielo.cl\/radio\/wp-content\/uploads\/2025\/11\/Peregrinacion-Juvenil-a-Yumbel-3-1536x1024.jpg 1536w, https:\/\/reinadelcielo.cl\/radio\/wp-content\/uploads\/2025\/11\/Peregrinacion-Juvenil-a-Yumbel-3-2048x1365.jpg 2048w\" sizes=\"auto, (max-width: 2560px) 100vw, 2560px\" \/><\/p>\n<p>Posterior a la Santa Misa fue posible compartir un momento de alegr\u00eda y baile, junto a los Caporales San Mart\u00edn y el grupo Jupachanga, quienes protagonizaron la Fiesta Jubilar. Este gran evento juvenil fue un espacio de fraternidad y entrega, orando a Dios por intercesi\u00f3n de San Sebasti\u00e1n para pedir por las familias, la salud, los estudios, la vocaci\u00f3n y los diferentes proyectos de vida de quienes peregrinaron.<\/p>\n<p><strong>S\u00edguenos en Redes Sociales:<\/strong><\/p>\n<ul>\n<li><u><a href=\"https:\/\/www.facebook.com\/Bionoticias.cl\/\">Facebook<\/a><\/u><\/li>\n<\/ul>\n<ul>\n<li><u><a href=\"https:\/\/twitter.com\/bionoticiascl\">Twitter<\/a><\/u><\/li>\n<li><u><a href=\"https:\/\/www.instagram.com\/bionoticias.online\/?hl=es-la\">Instagram<\/a><\/u><\/li>\n<li><u><a href=\"https:\/\/www.youtube.com\/c\/BioNoticias\">YouTube<\/a><\/u><\/li>\n<li><u><a href=\"https:\/\/t.me\/bionoticias\">Telegram<\/a><\/u><\/li>\n<li><u><a href=\"https:\/\/whatsapp.com\/channel\/0029Va0p5N86buMS4PoIFs3t\">WhatsApp<\/a><\/u><\/li>\n<li><a href=\"https:\/\/www.tiktok.com\/@radio_violeta.cl?lang=es\">Tik Tok<\/a><\/li>\n<\/ul>\n<p><strong>Descarga nuestra App:<\/strong><\/p>\n<ul>\n<li><u><a href=\"https:\/\/play.google.com\/store\/apps\/details?id=com.violetaonline.app\">Android<\/a><\/u><\/li>\n<li><u><a href=\"https:\/\/apps.apple.com\/us\/app\/radio-violeta-fm\/id6449003313\">iPhone<\/a><\/u><\/li>\n<\/ul>\n","protected":false},"excerpt":{"rendered":"<p>Miles de j\u00f3venes de la Arquidi\u00f3cesis de Concepci\u00f3n participaron en la 41\u00aa Peregrinaci\u00f3n Juvenil al Santuario de San Sebasti\u00e1n de Yumbel, actividad organizada por la Vicar\u00eda Pastoral de la Juventud bajo el lema \u201cJ\u00f3venes Peregrinos de la Esperanza, Testimonios de Paz\u201d. El encuentro incluy\u00f3 adoraci\u00f3n, instancias de reflexi\u00f3n y la entrega de alimentos como obra &hellip;<\/p>\n","protected":false},"author":2,"featured_media":12072,"comment_status":"closed","ping_status":"closed","sticky":false,"template":"","format":"standard","meta":{"footnotes":""},"categories":[3],"tags":[73],"class_list":["post-12071","post","type-post","status-publish","format-standard","has-post-thumbnail","","category-noticias","tag-peregrinacion"],"_links":{"self":[{"href":"https:\/\/reinadelcielo.cl\/radio\/wp-json\/wp\/v2\/posts\/12071","targetHints":{"allow":["GET"]}}],"collection":[{"href":"https:\/\/reinadelcielo.cl\/radio\/wp-json\/wp\/v2\/posts"}],"about":[{"href":"https:\/\/reinadelcielo.cl\/radio\/wp-json\/wp\/v2\/types\/post"}],"author":[{"embeddable":true,"href":"https:\/\/reinadelcielo.cl\/radio\/wp-json\/wp\/v2\/users\/2"}],"replies":[{"embeddable":true,"href":"https:\/\/reinadelcielo.cl\/radio\/wp-json\/wp\/v2\/comments?post=12071"}],"version-history":[{"count":1,"href":"https:\/\/reinadelcielo.cl\/radio\/wp-json\/wp\/v2\/posts\/12071\/revisions"}],"predecessor-version":[{"id":12078,"href":"https:\/\/reinadelcielo.cl\/radio\/wp-json\/wp\/v2\/posts\/12071\/revisions\/12078"}],"wp:featuredmedia":[{"embeddable":true,"href":"https:\/\/reinadelcielo.cl\/radio\/wp-json\/wp\/v2\/media\/12072"}],"wp:attachment":[{"href":"https:\/\/reinadelcielo.cl\/radio\/wp-json\/wp\/v2\/media?parent=12071"}],"wp:term":[{"taxonomy":"category","embeddable":true,"href":"https:\/\/reinadelcielo.cl\/radio\/wp-json\/wp\/v2\/categories?post=12071"},{"taxonomy":"post_tag","embeddable":true,"href":"https:\/\/reinadelcielo.cl\/radio\/wp-json\/wp\/v2\/tags?post=12071"}],"curies":[{"name":"wp","href":"https:\/\/api.w.org\/{rel}","templated":true}]}}