{"id":12048,"date":"2025-11-03T09:55:20","date_gmt":"2025-11-03T13:55:20","guid":{"rendered":"https:\/\/reinadelcielo.cl\/radio\/?p=12048"},"modified":"2025-11-03T10:26:41","modified_gmt":"2025-11-03T14:26:41","slug":"cruces-metalicas-de-5-metros-seran-instaladas-como-signo-de-fe-y-esperanza-en-el-marco-del-jubileo-2025","status":"publish","type":"post","link":"https:\/\/reinadelcielo.cl\/radio\/2025\/11\/03\/cruces-metalicas-de-5-metros-seran-instaladas-como-signo-de-fe-y-esperanza-en-el-marco-del-jubileo-2025\/","title":{"rendered":"Cruces met\u00e1licas de 5 metros ser\u00e1n instaladas como signo de fe y esperanza en el marco del Jubileo 2025"},"content":{"rendered":"<p>La iniciativa busca instalar cruces met\u00e1licas de 5 metros en parroquias y espacios eclesiales como signo permanente del Jubileo de la Esperanza 2025. El proyecto pretende evangelizar y dejar una huella visible que invite a la oraci\u00f3n, la reflexi\u00f3n y la confianza en Dios en medio de las dificultades de la vida.<\/p>\n<p>Con el prop\u00f3sito de evangelizar y dejar una huella visible del Jubileo de la Esperanza 2025, se est\u00e1 impulsando la iniciativa de instalar cruces met\u00e1licas de 5 metros de altura en distintos lugares significativos, tales como parroquias, comunidades, recintos eclesiales o sectores donde exista la necesidad espiritual de contar con este signo. El objetivo es que estas cruces permanezcan de manera permanente como fruto concreto del A\u00f1o Jubilar.<\/p>\n<p>La propuesta nace desde la convicci\u00f3n de que la esperanza cristiana no es simple optimismo, sino una virtud que abraza nuestras cruces de la vida cotidiana. La esperanza surge confiando en que Dios act\u00faa incluso en medio del dolor, del cansancio, de la enfermedad, del des\u00e1nimo y de las p\u00e9rdidas. Cada creyente siente el peso de su propia cruz, pero la une a Cristo, reconociendo que, aunque no siempre comprendamos el sufrimiento, la gracia est\u00e1 presente y la Resurrecci\u00f3n es una promesa que se cumple.<\/p>\n<p>En ese sentido, encontrarnos frente a una cruz \u2014y orar all\u00ed, como Mar\u00eda al pie de la Cruz\u2014 es un gesto que recuerda que Dios est\u00e1 con nosotros, que camina a nuestro lado, y que en \u00c9l encontramos fortaleza y esperanza.<\/p>\n<p><img loading=\"lazy\" decoding=\"async\" class=\"aligncenter wp-image-12053 size-large\" src=\"http:\/\/reinadelcielo.cl\/radio\/wp-content\/uploads\/2025\/11\/CamScanner-03-11-2025-11.19_page-0001-889x1024.jpg\" alt=\"\" width=\"618\" height=\"712\" srcset=\"https:\/\/reinadelcielo.cl\/radio\/wp-content\/uploads\/2025\/11\/CamScanner-03-11-2025-11.19_page-0001-889x1024.jpg 889w, https:\/\/reinadelcielo.cl\/radio\/wp-content\/uploads\/2025\/11\/CamScanner-03-11-2025-11.19_page-0001-261x300.jpg 261w, https:\/\/reinadelcielo.cl\/radio\/wp-content\/uploads\/2025\/11\/CamScanner-03-11-2025-11.19_page-0001-768x884.jpg 768w, https:\/\/reinadelcielo.cl\/radio\/wp-content\/uploads\/2025\/11\/CamScanner-03-11-2025-11.19_page-0001.jpg 1223w\" sizes=\"auto, (max-width: 618px) 100vw, 618px\" \/><\/p>\n<p><strong>Un signo visible en medio del Jubileo<\/strong><\/p>\n<p>El Jubileo de la Esperanza fue inaugurado el 24 de diciembre de 2024 por el Papa Francisco, con la apertura de la Puerta Santa en la Bas\u00edlica de San Pedro. Este tiempo jubilar invita a la humanidad a abrir el coraz\u00f3n a la conversi\u00f3n, la paz, la sanaci\u00f3n y el perd\u00f3n. La apertura de la Puerta Santa nos recuerda que Cristo es la puerta que conduce a la vida nueva, y que al cruzarla dejamos atr\u00e1s el peso del pecado para abrazar el amor del Padre.<\/p>\n<p>Inspirados en el Evangelio de Lucas (4,18-19), este Jubileo refleja tambi\u00e9n la misi\u00f3n de la Iglesia: evangelizar a los pobres, liberar a los oprimidos, anunciar la buena noticia, dar vista a los ciegos y proclamar un a\u00f1o de gracia del Se\u00f1or.<\/p>\n<p>En un mundo marcado por heridas sociales, conflictos locales e internacionales, soledad, abandono e incertidumbre \u2014particularmente en j\u00f3venes, migrantes y familias afectadas por la violencia o la pobreza\u2014, la Iglesia invita a vivir la esperanza de forma concreta: mediante la reconciliaci\u00f3n y el perd\u00f3n, a trav\u00e9s de la caridad fraterna y la acogida, y perseverando en la oraci\u00f3n personal y comunitaria.<\/p>\n<p><strong>Una se\u00f1al para detenerse, respirar y orar<\/strong><\/p>\n<p>Estas cruces de 5 metros buscan ofrecer un espacio f\u00edsico y espiritual para reflexionar, descansar, elevar una oraci\u00f3n, reencontrarnos con el Se\u00f1or y seguir caminando con dignidad, sin miedo, con la mirada puesta en Cristo.<\/p>\n<p>La iniciativa quiere ser un aporte permanente para las comunidades: un recordatorio de que, aun en medio de la adversidad, la esperanza cristiana es certeza, es presencia de Dios, es confianza y es vida que se renueva.<\/p>\n<p>Que este signo del Jubileo 2025 sea una invitaci\u00f3n a detenernos frente a la Cruz, a confiar y a reemprender el camino con fe.<\/p>\n<p><strong>S\u00edguenos en Redes Sociales:<\/strong><\/p>\n<ul>\n<li><u><a href=\"https:\/\/www.facebook.com\/Bionoticias.cl\/\">Facebook<\/a><\/u><\/li>\n<\/ul>\n<ul>\n<li><u><a href=\"https:\/\/twitter.com\/bionoticiascl\">Twitter<\/a><\/u><\/li>\n<li><u><a href=\"https:\/\/www.instagram.com\/bionoticias.online\/?hl=es-la\">Instagram<\/a><\/u><\/li>\n<li><u><a href=\"https:\/\/www.youtube.com\/c\/BioNoticias\">YouTube<\/a><\/u><\/li>\n<li><u><a href=\"https:\/\/t.me\/bionoticias\">Telegram<\/a><\/u><\/li>\n<li><u><a href=\"https:\/\/whatsapp.com\/channel\/0029Va0p5N86buMS4PoIFs3t\">WhatsApp<\/a><\/u><\/li>\n<li><a href=\"https:\/\/www.tiktok.com\/@radio_violeta.cl?lang=es\">Tik Tok<\/a><\/li>\n<\/ul>\n<p><strong>Descarga nuestra App:<\/strong><\/p>\n<ul>\n<li><a href=\"https:\/\/play.google.com\/store\/apps\/details?id=com.violetaonline.app\">Android<\/a><\/li>\n<li><a href=\"https:\/\/apps.apple.com\/us\/app\/radio-violeta-fm\/id6449003313\">iPhone<\/a><\/li>\n<\/ul>\n","protected":false},"excerpt":{"rendered":"<p>La iniciativa busca instalar cruces met\u00e1licas de 5 metros en parroquias y espacios eclesiales como signo permanente del Jubileo de la Esperanza 2025. El proyecto pretende evangelizar y dejar una huella visible que invite a la oraci\u00f3n, la reflexi\u00f3n y la confianza en Dios en medio de las dificultades de la vida. Con el prop\u00f3sito &hellip;<\/p>\n","protected":false},"author":2,"featured_media":12050,"comment_status":"closed","ping_status":"closed","sticky":false,"template":"","format":"standard","meta":{"footnotes":""},"categories":[3],"tags":[],"class_list":["post-12048","post","type-post","status-publish","format-standard","has-post-thumbnail","","category-noticias"],"_links":{"self":[{"href":"https:\/\/reinadelcielo.cl\/radio\/wp-json\/wp\/v2\/posts\/12048","targetHints":{"allow":["GET"]}}],"collection":[{"href":"https:\/\/reinadelcielo.cl\/radio\/wp-json\/wp\/v2\/posts"}],"about":[{"href":"https:\/\/reinadelcielo.cl\/radio\/wp-json\/wp\/v2\/types\/post"}],"author":[{"embeddable":true,"href":"https:\/\/reinadelcielo.cl\/radio\/wp-json\/wp\/v2\/users\/2"}],"replies":[{"embeddable":true,"href":"https:\/\/reinadelcielo.cl\/radio\/wp-json\/wp\/v2\/comments?post=12048"}],"version-history":[{"count":3,"href":"https:\/\/reinadelcielo.cl\/radio\/wp-json\/wp\/v2\/posts\/12048\/revisions"}],"predecessor-version":[{"id":12054,"href":"https:\/\/reinadelcielo.cl\/radio\/wp-json\/wp\/v2\/posts\/12048\/revisions\/12054"}],"wp:featuredmedia":[{"embeddable":true,"href":"https:\/\/reinadelcielo.cl\/radio\/wp-json\/wp\/v2\/media\/12050"}],"wp:attachment":[{"href":"https:\/\/reinadelcielo.cl\/radio\/wp-json\/wp\/v2\/media?parent=12048"}],"wp:term":[{"taxonomy":"category","embeddable":true,"href":"https:\/\/reinadelcielo.cl\/radio\/wp-json\/wp\/v2\/categories?post=12048"},{"taxonomy":"post_tag","embeddable":true,"href":"https:\/\/reinadelcielo.cl\/radio\/wp-json\/wp\/v2\/tags?post=12048"}],"curies":[{"name":"wp","href":"https:\/\/api.w.org\/{rel}","templated":true}]}}