{"id":11959,"date":"2025-09-29T08:21:10","date_gmt":"2025-09-29T12:21:10","guid":{"rendered":"https:\/\/reinadelcielo.cl\/radio\/?p=11959"},"modified":"2025-09-29T08:21:10","modified_gmt":"2025-09-29T12:21:10","slug":"contemplar-el-evangelio-de-hoy-lunes-29-de-septiembre-de-2024","status":"publish","type":"post","link":"https:\/\/reinadelcielo.cl\/radio\/2025\/09\/29\/contemplar-el-evangelio-de-hoy-lunes-29-de-septiembre-de-2024\/","title":{"rendered":"Contemplar el Evangelio de hoy lunes 29 de septiembre de 2024"},"content":{"rendered":"<p>D\u00eda lit\u00fargico: 29 de septiembre: Los santos Arc\u00e1ngeles Miguel, Gabriel y Rafael<\/p>\n<p>Texto del Evangelio (Jn 1,47-51):<\/p>\n<p>Al ver llegar a Natanael, Jes\u00fas dijo: \u201c\u00c9ste es un verdadero israelita, un hombre sin doblez\u201d. \u201c\u00bfDe d\u00f3nde me conoces?\u201d, le pregunt\u00f3 Natanael.<\/p>\n<p>Jes\u00fas le respondi\u00f3: \u201cYo te vi antes que Felipe te llamara, cuando estabas debajo de la higuera\u201d. Natanael le respondi\u00f3: \u201cMaestro, T\u00fa eres el Hijo de Dios, T\u00fa eres el Rey de Israel\u201d. Jes\u00fas continu\u00f3: \u201cPorque te dije: \u00abTe vi debajo de la higuera\u201d, crees. Ver\u00e1s cosas m\u00e1s grandes todav\u00eda\u201d.<\/p>\n<p>Y agreg\u00f3: \u201cLes aseguro que ver\u00e1n el cielo abierto y a los \u00e1ngeles de Dios subir y bajar sobre el Hijo del hombre\u201d.<\/p>\n<p>Palabra del Se\u00f1or.<\/p>\n<p>Reflexi\u00f3n<\/p>\n<p>Hoy celebramos la fiesta de los Arc\u00e1ngeles San Miguel, Gabriel y Rafael. Los tres nombres de los Arc\u00e1ngeles terminan con la palabra \u00abEl\u00bb, que significa \u00abDios\u00bb. As\u00ed, pues, Dios est\u00e1 inscrito en sus nombres, en su naturaleza. Su ser es estar \u00aben \u00c9l\u00bb y \u00abpara \u00c9l\u00bb. Adem\u00e1s, son sus \u00abmensajeros\u00bb: llevan a Dios a los hombres; abren el cielo y, as\u00ed, abren la tierra.<\/p>\n<p>En la fiesta de los Santos Arc\u00e1ngeles, Jes\u00fas manifiesta a sus Ap\u00f3stoles y a todos nosotros, la presencia de sus \u00e1ngeles y la relaci\u00f3n que con \u00c9l tienen. Los \u00e1ngeles est\u00e1n en la gloria celestial, donde alaban continua y eternamente al Hijo del hombre, que es el Hijo de Dios. Lo rodean y est\u00e1n a su servicio.<\/p>\n<p>Desde el Para\u00edso del G\u00e9nesis hasta aqu\u00e9l del Apocalipsis, los \u00e1ngeles, llenan de su presencia invisible, el desarrollo de la historia de la salvaci\u00f3n. Son mensajeros del Se\u00f1or para revelar sus designios y llevar sus \u00f3rdenes, se constituyen como la inmensa muchedumbre de los adoradores del Dios vivo.<\/p>\n<p>Este \u00abSubir y bajar\u00bb del que habla Jes\u00fas a Natanael, nos recuerda el episodio del sue\u00f1o del Patriarca Jacob, quien dormido sobre una piedra durante su viaje a la tierra de origen de su familia, ve a los \u00e1ngeles que \u201cbajan y suben\u201d por una misteriosa escalera que une el cielo y la tierra, mientras Dios mismo est\u00e1 de pi\u00e9 junto a \u00e9l y le comunica su mensaje. Notemos la relaci\u00f3n entre la comunicaci\u00f3n divina y la presencia activa de los \u00e1ngeles.<\/p>\n<p>As\u00ed, Gabriel, Miguel y Rafael aparecen en la Biblia como presentes en las vicisitudes terrenas y llevando a los hombres \u2014como nos dice san Gregorio el Grande\u2014 las comunicaciones, mediante su presencia y sus mismas acciones, que cambian decisivamente nuestras vidas. Se llaman, precisamente, \u201carc\u00e1ngeles\u201d, es decir, pr\u00edncipes de los \u00e1ngeles, porque son enviados para las m\u00e1s grandes misiones.<\/p>\n<p>Miguel, significa \u00ab\u00bfQui\u00e9n como Dios?\u00bb. Es un nombre que indica su poder de recordar a los hombres la grandeza de Dios, contra el orgullo de quien quiere ponerse en el lugar de Dios. Miguel lucha contra los \u00e1ngeles rebeldes y los expulsa del cielo (Ap 12, 7-8). Nos anuncia, as\u00ed, el misterio de la justicia divina, que tambi\u00e9n se ejerci\u00f3 en sus \u00e1ngeles cuando se rebelaron, y nos da la seguridad de su victoria y la nuestra sobre el mal.<\/p>\n<p>Gabriel, significa \u00abFortaleza de Dios\u00bb. Es el \u00e1ngel que anuncia lo que har\u00e1 el Se\u00f1or. Encontramos a este \u00e1ngel en el libro de Daniel y en el evangelio de Lucas. \u00c9l es quien anuncia a Zacar\u00edas el nacimiento de su hijo Juan y a Mar\u00eda su elecci\u00f3n como madre del Mes\u00edas. (Lc 1, 19.26-27).<\/p>\n<p>Rafael, significa \u00abMedicina de Dios\u00bb. \u00c9l es el protagonista del libro de Tob\u00edas. Gu\u00eda a Tob\u00edas por caminos impracticables y dificiles. Acompa\u00f1a y cura su vida y la de sus seres queridos. (Tob 12, 15). Estos Arc\u00e1ngeles son tres personajes emblem\u00e1ticos, al servicio de la providencia de Dios.<\/p>\n<p>Los \u00e1ngeles, con su \u00absubir y bajar\u00bb muestran la constante presencia del Se\u00f1or en nuestra vida. Est\u00e1 fuera de lugar, pues, aquel miedo que puede nacer en los creyentes ante la casualidad o ante las fuerzas oscuras de la naturaleza. El Se\u00f1or no nos abandona. \u00c9l nos rodea con sus \u00e1ngeles para que nada pueda apartarnos de \u00c9l y dejarnos a merced de las fuerzas del mal.<\/p>\n<p>Esta fiesta nos invita a dar gracias a Dios por la cercan\u00eda que nos hace a trav\u00e9s de estos seres misteriosos, y nos estimula a ser como ellos. A ayudar a todos en la lucha contra el mal. A ser propagadores de las \u201cbuenas noticias\u201d de Dios para gozo y esperanza de todos. Y a curar las heridas y las cegueras de cuantos nos rodean.<\/p>\n<p>\u00bfHemos reflexionado alguna vez en el cuidado que Dios tiene de nosotros a trav\u00e9s de estos servidores incondicionales de sus designios de amor? \u00bfLos hemos tenido en cuenta en nuestra vida de fe? \u00bfSomos portadores de alegr\u00eda, paz y armon\u00eda para los que nos rodean?<\/p>\n<p>Padre Santo, manifiesta tu Providencia a trav\u00e9s de tus Santos \u00c1rc\u00e1ngeles. Prot\u00e9genos del maligno, ay\u00fadanos a comprender tu palabra y conc\u00e9denos la salud del cuerpo y del esp\u00edritu. Am\u00e9n.<\/p>\n<p>Bendiciones.<\/p>\n","protected":false},"excerpt":{"rendered":"<p>D\u00eda lit\u00fargico: 29 de septiembre: Los santos Arc\u00e1ngeles Miguel, Gabriel y Rafael Texto del Evangelio (Jn 1,47-51): Al ver llegar a Natanael, Jes\u00fas dijo: \u201c\u00c9ste es un verdadero israelita, un hombre sin doblez\u201d. \u201c\u00bfDe d\u00f3nde me conoces?\u201d, le pregunt\u00f3 Natanael. Jes\u00fas le respondi\u00f3: \u201cYo te vi antes que Felipe te llamara, cuando estabas debajo de &hellip;<\/p>\n","protected":false},"author":2,"featured_media":6266,"comment_status":"closed","ping_status":"closed","sticky":false,"template":"","format":"standard","meta":{"footnotes":""},"categories":[25],"tags":[48,83],"class_list":["post-11959","post","type-post","status-publish","format-standard","has-post-thumbnail","","category-evangelio-del-dia","tag-evangelio-del-dia","tag-san-juan"],"_links":{"self":[{"href":"https:\/\/reinadelcielo.cl\/radio\/wp-json\/wp\/v2\/posts\/11959","targetHints":{"allow":["GET"]}}],"collection":[{"href":"https:\/\/reinadelcielo.cl\/radio\/wp-json\/wp\/v2\/posts"}],"about":[{"href":"https:\/\/reinadelcielo.cl\/radio\/wp-json\/wp\/v2\/types\/post"}],"author":[{"embeddable":true,"href":"https:\/\/reinadelcielo.cl\/radio\/wp-json\/wp\/v2\/users\/2"}],"replies":[{"embeddable":true,"href":"https:\/\/reinadelcielo.cl\/radio\/wp-json\/wp\/v2\/comments?post=11959"}],"version-history":[{"count":1,"href":"https:\/\/reinadelcielo.cl\/radio\/wp-json\/wp\/v2\/posts\/11959\/revisions"}],"predecessor-version":[{"id":11960,"href":"https:\/\/reinadelcielo.cl\/radio\/wp-json\/wp\/v2\/posts\/11959\/revisions\/11960"}],"wp:featuredmedia":[{"embeddable":true,"href":"https:\/\/reinadelcielo.cl\/radio\/wp-json\/wp\/v2\/media\/6266"}],"wp:attachment":[{"href":"https:\/\/reinadelcielo.cl\/radio\/wp-json\/wp\/v2\/media?parent=11959"}],"wp:term":[{"taxonomy":"category","embeddable":true,"href":"https:\/\/reinadelcielo.cl\/radio\/wp-json\/wp\/v2\/categories?post=11959"},{"taxonomy":"post_tag","embeddable":true,"href":"https:\/\/reinadelcielo.cl\/radio\/wp-json\/wp\/v2\/tags?post=11959"}],"curies":[{"name":"wp","href":"https:\/\/api.w.org\/{rel}","templated":true}]}}