{"id":11390,"date":"2025-03-31T08:42:38","date_gmt":"2025-03-31T11:42:38","guid":{"rendered":"https:\/\/reinadelcielo.cl\/radio\/?p=11390"},"modified":"2025-03-31T08:42:38","modified_gmt":"2025-03-31T11:42:38","slug":"contemplar-el-evangelio-de-hoy-domingo-30-de-marzo-de-2025","status":"publish","type":"post","link":"https:\/\/reinadelcielo.cl\/radio\/2025\/03\/31\/contemplar-el-evangelio-de-hoy-domingo-30-de-marzo-de-2025\/","title":{"rendered":"Contemplar el Evangelio de hoy domingo 30 de marzo de 2025"},"content":{"rendered":"<p>D\u00eda Lit\u00fargico 30 de Marzo de 2025<br \/>\nDomingo cuarto de Cuaresma.<\/p>\n<p>+ Evangelio de nuestro Se\u00f1or Jesucristo seg\u00fan san Lucas (15, 1-3. 11-32)<\/p>\n<p>Todos los publicanos y pecadores se acercaban a Jes\u00fas para escucharlo. Pero los fariseos y los escribas murmuraban, diciendo: \u201cEste hombre recibe a los pecadores y come con ellos\u201d. Jes\u00fas les dijo entonces esta par\u00e1bola:<\/p>\n<p>\u201cUn hombre ten\u00eda dos hijos. El menor de ellos dijo a su padre:<\/p>\n<p>\u201cPadre, dame la parte de herencia que me corresponde\u201d. Y el padre les reparti\u00f3 sus bienes.<\/p>\n<p>Pocos d\u00edas despu\u00e9s, el hijo menor recogi\u00f3 todo lo que ten\u00eda y se fue a un pa\u00eds lejano, donde malgast\u00f3 sus bienes en una vida inmoral.<\/p>\n<p>Ya hab\u00eda gastado todo, cuando sobrevino mucha miseria en aquel pa\u00eds, y comenz\u00f3 a sufrir privaciones.<\/p>\n<p>Entonces se puso al servicio de uno de los habitantes de esa regi\u00f3n, que lo envi\u00f3 a su campo para cuidar cerdos. \u00c9l hubiera deseado calmar su hambre con las bellotas que com\u00edan los cerdos, pero nadie se las daba.<\/p>\n<p>Entonces recapacit\u00f3 y dijo: \u201c\u00a1Cu\u00e1ntos jornaleros de mi padre tienen pan en abundancia, y yo estoy aqu\u00ed muri\u00e9ndome de hambre!\u201d Ahora mismo ir\u00e9 a la casa de mi padre y le dir\u00e9: \u201cPadre, pequ\u00e9 contra el Cielo y contra ti; ya no merezco ser llamado hijo tuyo, tr\u00e1tame como a uno de tus jornaleros\u201d.<\/p>\n<p>Entonces parti\u00f3 y volvi\u00f3 a la casa de su padre. Cuando todav\u00eda estaba lejos, su padre lo vio y se conmovi\u00f3 profundamente, corri\u00f3 a su encuentro, lo abraz\u00f3 y lo bes\u00f3.<\/p>\n<p>El joven le dijo: \u201cPadre, pequ\u00e9 contra el Cielo y contra ti; no merezco ser llamado hijo tuyo\u201d.<\/p>\n<p>Pero el padre dijo a sus servidores: \u201cTraigan enseguida la mejor ropa y v\u00edstanlo, p\u00f3nganle un anillo en el dedo y sandalias en los pies. Traigan el ternero engordado y m\u00e1tenlo. Comamos y festejemos, porque mi hijo estaba muerto y ha vuelto a la vida, estaba perdido y fue encontrado\u201d. Y comenz\u00f3 la fiesta.<\/p>\n<p>El hijo mayor estaba en el campo. Al volver, ya cerca de la casa, oy\u00f3 la m\u00fasica y los coros que acompa\u00f1aban la danza. Y llamando a uno de los sirvientes, le pregunt\u00f3 qu\u00e9 significaba eso.<\/p>\n<p>\u00c9l le respondi\u00f3: \u201cTu hermano ha regresado, y tu padre hizo matar el ternero engordado, porque lo ha recobrado sano y salvo\u201d.<\/p>\n<p>\u00c9l se enoj\u00f3 y no quiso entrar. Su padre sali\u00f3 para rogarle que entrara, pero \u00e9l le respondi\u00f3: \u201cHace tantos a\u00f1os que te sirvo sin haber desobedecido jam\u00e1s ni una sola de tus \u00f3rdenes, y nunca me diste un cabrito para hacer una fiesta con mis amigos. \u00a1Y ahora que ese hijo tuyo ha vuelto, despu\u00e9s de haber gastado tus bienes con mujeres, haces matar para \u00e9l el ternero engordado!\u201d<\/p>\n<p>Pero el padre le dijo: \u201cHijo m\u00edo, t\u00fa est\u00e1s siempre conmigo, y todo lo m\u00edo es tuyo. Es justo que haya fiesta y alegr\u00eda, porque este hermano tuyo estaba muerto y ha vuelto a la vida, estaba perdido y ha sido encontrado\u201d\u201d.<\/p>\n<p>Palabra del Se\u00f1or.<\/p>\n<p>Reflexi\u00f3n<\/p>\n<p>Dentro del itinerario cuaresmal, el pasaje evange\u0301lico de este cuarto Domingo, nos presenta la u\u0301ltima de las tres para\u0301bolas del capi\u0301tulo quince de san Lucas que nos hablan, cada una a su modo, del \u00abpadre misericordioso\u00bb. Las otras dos, lo sabemos, son las de la \u00aboveja perdida\u00bb y la de la \u00abmoneda encontrada\u00bb. Vale la pena leer y meditar serenamente esta p\u00e1gina de Lucas, a la que se ha llamado \u201cel coraz\u00f3n del evangelio\u201d. La finalidad de la par\u00e1bola es mostrarnos el car\u00e1cter, la grandeza y las caracter\u00edsticas de la misericordia de Dios para con los pecadores arrepentidos.<\/p>\n<p>Este incomparable relato \u2013ma\u0301s comu\u0301nmente conocido como la para\u0301bola del \u00abhijo pro\u0301digo\u00bb\u2013 tiene como protagonista a un padre con sus dos hijos. De E\u0301l lo que ma\u0301s nos sorprende es su tolerancia ante la decisio\u0301n del hijo ma\u0301s joven de irse de casa. Pero la separacio\u0301n de ese hijo es so\u0301lo fi\u0301sica. El padre lo lleva siempre en el corazo\u0301n, escrutando di\u0301a a di\u0301a el camino con la esperanza de volver a verlo, hasta que un di\u0301a por fin retorna y, sin ningu\u0301n reproche, E\u0301l hace una gran fiesta.<\/p>\n<p>La misma actitud reserva el padre al hijo mayor \u2013que siempre ha permanecido en casa\u2013 y ahora esta\u0301 indignado y protesta porque no entiende toda la bondad hacia el hermano que se habi\u0301a equivocado. El padre tambie\u0301n \u00absale al encuentro\u00bb de este hijo y le recuerda que ellos han estado siempre juntos, que tienen todo en comu\u0301n, pero que era necesario acoger con alegri\u0301a al hermano que finalmente ha vuelto a casa.<\/p>\n<p>En esta para\u0301bola, adema\u0301s, se puede entrever a un tercer hijo: Es el que \u00absiendo de condicio\u0301n divina, no retuvo a\u0301vidamente el ser igual a Dios. Sino que se despojo\u0301 de si\u0301 mismo tomando condicio\u0301n de siervo\u00bb (Fil 2, 6-7). \u00a1Este Hijo- Siervo es Jesu\u0301s! Es la extensio\u0301n de los brazos y del corazo\u0301n del Padre: E\u0301l, Jesu\u0301s, nos ensen\u0303a a ser \u00abmisericordiosos como el Padre\u00bb<\/p>\n<p>La figura del padre de la para\u0301bola desvela el corazo\u0301n de Dios. E\u0301l es el Padre que, en Jesu\u0301s, nos ama ma\u0301s alla\u0301 de cualquier medida y espera siempre nuestra conversio\u0301n&#8230; Como el padre del evangelio, tambie\u0301n Dios continu\u0301a considera\u0301ndonos sus hijos aun cuando nos hemos perdido y sale a nuestro encuentro con ternura cuando volvemos a E\u0301l. Los errores que cometemos \u2013aunque sean muy grandes\u2013 no rompen la fidelidad de su amor. En el sacramento de la Reconciliacio\u0301n podemos siempre comenzar de nuevo: E\u0301l nos acoge, nos restituye la dignidad de hijos suyos.<\/p>\n<p>\u00a1Deje\u0301monos alcanzar por la mirada llena de amor de nuestro buen Padre Dios, y volvamos a E\u0301l con todo el corazo\u0301n, rechazando cualquier compromiso con el pecado.<\/p>\n<p>\u00bfRealmente me siento hijo amado de Dios? \u00bfEmprendo sinceros caminos de conversi\u00f3n motivado por la gratuidad y misericordia del Se\u00f1or? \u00bfEn cu\u00e1l de los tres personajes de la par\u00e1bola nos vemos reflejados? \u00bfQu\u00e9 imagen tenemos de Dios? \u00bfC\u00f3mo reaccionamos ante la actitud del padre para con el hijo menor? \u00bfCu\u00e1l es nuestra opini\u00f3n acerca de la actitud del hijo mayor?<\/p>\n<p>Padre bueno, que eres fuente inagotable de perd\u00f3n y misericordia, danos la gracia de reconocer nuestro pecado y volver a tus brazos. Am\u00e9n.<\/p>\n<p>Feliz d\u00eda del Se\u00f1or.<\/p>\n","protected":false},"excerpt":{"rendered":"<p>D\u00eda Lit\u00fargico 30 de Marzo de 2025 Domingo cuarto de Cuaresma. + Evangelio de nuestro Se\u00f1or Jesucristo seg\u00fan san Lucas (15, 1-3. 11-32) Todos los publicanos y pecadores se acercaban a Jes\u00fas para escucharlo. Pero los fariseos y los escribas murmuraban, diciendo: \u201cEste hombre recibe a los pecadores y come con ellos\u201d. Jes\u00fas les dijo &hellip;<\/p>\n","protected":false},"author":3,"featured_media":11391,"comment_status":"closed","ping_status":"closed","sticky":false,"template":"","format":"standard","meta":{"footnotes":""},"categories":[25],"tags":[],"class_list":["post-11390","post","type-post","status-publish","format-standard","has-post-thumbnail","","category-evangelio-del-dia"],"_links":{"self":[{"href":"https:\/\/reinadelcielo.cl\/radio\/wp-json\/wp\/v2\/posts\/11390","targetHints":{"allow":["GET"]}}],"collection":[{"href":"https:\/\/reinadelcielo.cl\/radio\/wp-json\/wp\/v2\/posts"}],"about":[{"href":"https:\/\/reinadelcielo.cl\/radio\/wp-json\/wp\/v2\/types\/post"}],"author":[{"embeddable":true,"href":"https:\/\/reinadelcielo.cl\/radio\/wp-json\/wp\/v2\/users\/3"}],"replies":[{"embeddable":true,"href":"https:\/\/reinadelcielo.cl\/radio\/wp-json\/wp\/v2\/comments?post=11390"}],"version-history":[{"count":1,"href":"https:\/\/reinadelcielo.cl\/radio\/wp-json\/wp\/v2\/posts\/11390\/revisions"}],"predecessor-version":[{"id":11392,"href":"https:\/\/reinadelcielo.cl\/radio\/wp-json\/wp\/v2\/posts\/11390\/revisions\/11392"}],"wp:featuredmedia":[{"embeddable":true,"href":"https:\/\/reinadelcielo.cl\/radio\/wp-json\/wp\/v2\/media\/11391"}],"wp:attachment":[{"href":"https:\/\/reinadelcielo.cl\/radio\/wp-json\/wp\/v2\/media?parent=11390"}],"wp:term":[{"taxonomy":"category","embeddable":true,"href":"https:\/\/reinadelcielo.cl\/radio\/wp-json\/wp\/v2\/categories?post=11390"},{"taxonomy":"post_tag","embeddable":true,"href":"https:\/\/reinadelcielo.cl\/radio\/wp-json\/wp\/v2\/tags?post=11390"}],"curies":[{"name":"wp","href":"https:\/\/api.w.org\/{rel}","templated":true}]}}