{"id":11385,"date":"2025-03-29T11:39:47","date_gmt":"2025-03-29T14:39:47","guid":{"rendered":"https:\/\/reinadelcielo.cl\/radio\/?p=11385"},"modified":"2025-03-29T11:39:47","modified_gmt":"2025-03-29T14:39:47","slug":"contemplar-el-evangelio-de-hoy-sabado-29-de-marzo-de-2025","status":"publish","type":"post","link":"https:\/\/reinadelcielo.cl\/radio\/2025\/03\/29\/contemplar-el-evangelio-de-hoy-sabado-29-de-marzo-de-2025\/","title":{"rendered":"Contemplar el Evangelio de hoy s\u00e1bado 29 de marzo de 2025"},"content":{"rendered":"<p>D\u00eda Lit\u00fargico 29 de Marzo de 2025<br \/>\nS\u00e1bado de la tercera semana de Cuaresma.<\/p>\n<p>+ Evangelio de nuestro Se\u00f1or Jesucristo seg\u00fan san Lucas (18, 9-14)<\/p>\n<p>Refiri\u00e9ndose a algunos que se ten\u00edan por justos y despreciaban a los dem\u00e1s, Jes\u00fas dijo esta par\u00e1bola:<\/p>\n<p>Dos hombres subieron al Templo para orar; uno era fariseo y el otro, publicano. El fariseo, de pie, oraba as\u00ed: \u201cDios m\u00edo, te doy gracias porque no soy como los dem\u00e1s hombres, que son ladrones, injustos y ad\u00falteros; ni tampoco como ese publicano. Ayuno dos veces por semana y pago la d\u00e9cima parte de todas mis entradas\u201d.<\/p>\n<p>En cambio el publicano, manteni\u00e9ndose a distancia, no se animaba siquiera a levantar los ojos al cielo, sino que se golpeaba el pecho, diciendo: \u201c\u00a1Dios m\u00edo, ten piedad de m\u00ed, que soy un pecador!\u201d<\/p>\n<p>Les aseguro que este \u00faltimo volvi\u00f3 a su casa justificado, pero no el primero. Porque todo el que se eleva ser\u00e1 humillado, y el que se humilla ser\u00e1 elevado.<\/p>\n<p>Palabra del Se\u00f1or.<\/p>\n<p>Reflexi\u00f3n<\/p>\n<p>En el evangelio de hoy con la par\u00e1bola del fariseo y el publicano, Jes\u00fas pretende mostrar gr\u00e1ficamente la misericordia de Dios, que apareci\u00f3 visiblemente en \u00e9l mismo, quien vino a salvar lo que estaba perdido. La compasi\u00f3n de Dios es precisamente el punto de apoyo del penitente publicano, mientras el fariseo cree no necesitarla porque le sobran sus m\u00e9ritos.<\/p>\n<p>Esta par\u00e1bola, suele despertar en no pocos cristianos un rechazo grande hacia el fariseo que se presenta ante Dios arrogante y seguro de s\u00ed mismo, y una simpat\u00eda espont\u00e1nea hacia el publicano que reconoce humildemente su pecado. Parad\u00f3jicamente, el relato puede despertar en nosotros este sentimiento: \u201cTe doy gracias, Dios m\u00edo, porque no soy como este fariseo\u201d.<\/p>\n<p>Para escuchar correctamente el mensaje de la par\u00e1bola, hemos de tener en cuenta que Jes\u00fas no la cuenta para criticar a los sectores farisaicos, sino para sacudir la conciencia de \u201calgunos que, teni\u00e9ndose por justos, se sent\u00edan seguros de s\u00ed mismos y despreciaban a los dem\u00e1s\u201d. Entre estos nos encontramos, ciertamente, no pocos cat\u00f3licos de nuestros d\u00edas.<\/p>\n<p>La oraci\u00f3n del fariseo nos revela su actitud interior: \u201c\u00a1Oh Dios! Te doy gracias porque no soy como los dem\u00e1s\u201d. \u00bfQue clase de oraci\u00f3n es esta de creerse mejor que los dem\u00e1s? Hasta un fariseo, fiel cumplidor de la Ley, puede vivir en una actitud pervertida. Este hombre se siente justo ante Dios y, precisamente por eso, se convierte en juez que desprecia y condena a los que no son como \u00e9l.<\/p>\n<p>El publicano, por el contrario, solo acierta a decir: \u201c\u00a1Oh Dios! Ten compasi\u00f3n de este pecador\u201d. Este hombre reconoce humildemente su pecado. No se puede gloriar de su vida. Se encomienda a la compasi\u00f3n de Dios. No se compara con nadie. No juzga a los dem\u00e1s. Vive en verdad ante s\u00ed mismo y ante Dios.<\/p>\n<p>La par\u00e1bola es una penetrante cr\u00edtica que desenmascara una actitud religiosa enga\u00f1osa, que nos permite vivir ante Dios seguros de nuestra inocencia, mientras condenamos desde nuestra supuesta superioridad moral a todo el que no piensa o act\u00faa como nosotros.<\/p>\n<p>Circunstancias hist\u00f3ricas y corrientes triunfalistas alejadas del evangelio nos han hecho a los cat\u00f3licos especialmente proclives a esa tentaci\u00f3n. Por eso, hemos de leer la par\u00e1bola cada uno en actitud autocr\u00edtica: \u00bfPor qu\u00e9 nos creemos mejores que los agn\u00f3sticos? \u00bfPor qu\u00e9 nos sentimos m\u00e1s cerca de Dios que los no practicantes? \u00bfQu\u00e9 hay en el fondo de ciertas oraciones por la conversi\u00f3n de los pecadores? \u00bfQu\u00e9 es reparar los pecados de los dem\u00e1s sin vivir convirti\u00e9ndonos a Dios?.<\/p>\n<p>Hemos de reconocer con sinceridad que muchos de nosotros, pastores y cristianos, albergamos a veces actitudes farisaicas. Nos creemos superiores a los dem\u00e1s, nos sentimos m\u00e1s cercanos a Dios, m\u00e1s merecedores de la salvaci\u00f3n. Muchas veces despreciamos a nuestros semejantes, por criterios y prejuicios morales falsamente piadosos. La actitud que de verdad conduce a la salvaci\u00f3n es la humildad en el conocimiento del propio pecado, y la caridad con todos los hermanos.<\/p>\n<p>Tiempo atr\u00e1s, ante la pregunta de un periodista, el Papa Francisco hizo esta afirmaci\u00f3n: \u201c\u00bfQui\u00e9n soy yo para juzgar a un gay?\u201d. Sus palabras han sorprendido a casi todos. Al parecer, nadie se esperaba una respuesta tan sencilla y evang\u00e9lica de un Papa. Sin embargo, esa es la actitud de quien vive en verdad ante Dios.<\/p>\n<p>\u00bfEn cu\u00e1l de los dos personajes de la par\u00e1bola nos sentimos retratados: en el que est\u00e1 orgulloso de s\u00ed mismo o en el pecador que invoca humildemente el perd\u00f3n de Dios? \u00bfSomos de esos que \u201cteni\u00e9ndose por justos se sienten seguros de s\u00ed mismos y desprecian a los dem\u00e1s\u201d? \u00bfEn qu\u00e9 punto se encuentra nuestra humildad? \u00bfAlimentamos en nosotros prejuicios que nos llevan a marginar y despreciar a los hermanos?<\/p>\n<p>Nosotros encasillamos f\u00e1cilmente a los dem\u00e1s, pero t\u00fa brindas siempre una oportunidad de conversi\u00f3n, porque crees en el hombre a pesar de todo. L\u00edbranos Se\u00f1or de la falsa religiosidad, y haz que la brisa de tu misericordia, refresque nuestro coraz\u00f3n con la esperanza y el gusto de tu banquete de fiesta. Am\u00e9n.<\/p>\n<p>Que el Se\u00f1or les bendiga abundantemente.<\/p>\n","protected":false},"excerpt":{"rendered":"<p>D\u00eda Lit\u00fargico 29 de Marzo de 2025 S\u00e1bado de la tercera semana de Cuaresma. + Evangelio de nuestro Se\u00f1or Jesucristo seg\u00fan san Lucas (18, 9-14) Refiri\u00e9ndose a algunos que se ten\u00edan por justos y despreciaban a los dem\u00e1s, Jes\u00fas dijo esta par\u00e1bola: Dos hombres subieron al Templo para orar; uno era fariseo y el otro, &hellip;<\/p>\n","protected":false},"author":3,"featured_media":11386,"comment_status":"closed","ping_status":"closed","sticky":false,"template":"","format":"standard","meta":{"footnotes":""},"categories":[1],"tags":[],"class_list":["post-11385","post","type-post","status-publish","format-standard","has-post-thumbnail","","category-uncategorized"],"_links":{"self":[{"href":"https:\/\/reinadelcielo.cl\/radio\/wp-json\/wp\/v2\/posts\/11385","targetHints":{"allow":["GET"]}}],"collection":[{"href":"https:\/\/reinadelcielo.cl\/radio\/wp-json\/wp\/v2\/posts"}],"about":[{"href":"https:\/\/reinadelcielo.cl\/radio\/wp-json\/wp\/v2\/types\/post"}],"author":[{"embeddable":true,"href":"https:\/\/reinadelcielo.cl\/radio\/wp-json\/wp\/v2\/users\/3"}],"replies":[{"embeddable":true,"href":"https:\/\/reinadelcielo.cl\/radio\/wp-json\/wp\/v2\/comments?post=11385"}],"version-history":[{"count":1,"href":"https:\/\/reinadelcielo.cl\/radio\/wp-json\/wp\/v2\/posts\/11385\/revisions"}],"predecessor-version":[{"id":11387,"href":"https:\/\/reinadelcielo.cl\/radio\/wp-json\/wp\/v2\/posts\/11385\/revisions\/11387"}],"wp:featuredmedia":[{"embeddable":true,"href":"https:\/\/reinadelcielo.cl\/radio\/wp-json\/wp\/v2\/media\/11386"}],"wp:attachment":[{"href":"https:\/\/reinadelcielo.cl\/radio\/wp-json\/wp\/v2\/media?parent=11385"}],"wp:term":[{"taxonomy":"category","embeddable":true,"href":"https:\/\/reinadelcielo.cl\/radio\/wp-json\/wp\/v2\/categories?post=11385"},{"taxonomy":"post_tag","embeddable":true,"href":"https:\/\/reinadelcielo.cl\/radio\/wp-json\/wp\/v2\/tags?post=11385"}],"curies":[{"name":"wp","href":"https:\/\/api.w.org\/{rel}","templated":true}]}}