{"id":11376,"date":"2025-03-27T12:20:48","date_gmt":"2025-03-27T15:20:48","guid":{"rendered":"https:\/\/reinadelcielo.cl\/radio\/?p=11376"},"modified":"2025-03-27T12:20:48","modified_gmt":"2025-03-27T15:20:48","slug":"contemplar-el-evangelio-de-hoy-jueves-27-de-marzo-de-2025","status":"publish","type":"post","link":"https:\/\/reinadelcielo.cl\/radio\/2025\/03\/27\/contemplar-el-evangelio-de-hoy-jueves-27-de-marzo-de-2025\/","title":{"rendered":"Contemplar el Evangelio de hoy jueves 27 de marzo de 2025"},"content":{"rendered":"<p>D\u00eda Lit\u00fargico 27 de Marzo de 2025<br \/>\nMi\u00e9rcoles de la tercera semana de Cuaresma.<\/p>\n<p>+ Evangelio de nuestro Se\u00f1or Jesucristo seg\u00fan san Lucas (11, 14-23)<\/p>\n<p>Jes\u00fas estaba expulsando a un demonio que era mudo. Apenas sali\u00f3 el demonio, el mudo empez\u00f3 a hablar. La muchedumbre qued\u00f3 admirada, pero algunos de ellos dec\u00edan: \u201c\u00c9ste expulsa a los demonios por el poder de Belzebul, el Pr\u00edncipe de los demonios\u201d. Otros, para ponerlo a prueba, exig\u00edan de \u00c9l un signo que viniera del cielo.<\/p>\n<p>Jes\u00fas, que conoc\u00eda sus pensamientos, les dijo: \u201cUn reino donde hay luchas internas va a la ruina y sus casas caen una sobre otra. Si Satan\u00e1s lucha contra s\u00ed mismo, \u00bfc\u00f3mo podr\u00e1 subsistir su reino? Porque -como ustedes dicen- Yo expulso a los demonios con el poder de Belzebul. Si Yo expulso a los demonios con el poder de Belzebul, \u00bfcon qu\u00e9 poder los expulsan los disc\u00edpulos de ustedes? Por eso, ustedes los tendr\u00e1n a ellos como jueces. Pero si Yo expulso a los demonios con la fuerza de Dios, quiere decir que el Reino de Dios ha llegado a ustedes.<\/p>\n<p>Cuando un hombre fuerte y bien armado hace guardia en su palacio, todas sus posesiones est\u00e1n seguras, pero si viene otro m\u00e1s fuerte que \u00e9l y lo domina, le quita las armas en las que confiaba y reparte sus bienes.<\/p>\n<p>El que no est\u00e1 conmigo, est\u00e1 contra m\u00ed; y el que no recoge conmigo, desparrama\u201d.<\/p>\n<p>Palabra del Se\u00f1or.<\/p>\n<p>Reflexi\u00f3n<\/p>\n<p>Hoy Jueves de la tercera semana del Tiempo de Cuaresma, Lucas nos presenta una de las muchas controversias de los fariseos, en torno al actuar de Jes\u00fas. El texto empieza con un milagro brevemente narrado: Jes\u00fas expulsa un demonio mudo. Mientras la multitud queda admirada ante la intervenci\u00f3n de Jes\u00fas a favor de aquel hombre, los adversarios de Jes\u00fas, a\u00fan sin poder negar la realidad del milagro, pues la muchedumbre era testigo de ello, con su mente y coraz\u00f3n cerrados, cuestionan el origen del poder de Jes\u00fas y se lo atribuyen a Belzebul, Pr\u00edncipe de los demonios.<\/p>\n<p>Es dif\u00edcil imaginar que despu\u00e9s de realizar un bien tan grande en favor de las almas, Jes\u00fas sea acusado de hacerlo, precisamente, por el poder del propio diablo. Es realmente una grave acusaci\u00f3n, que manifiesta mucha ceguera y envidia por parte de los acusadores del Se\u00f1or.<\/p>\n<p>\u201cExpulsar los demonios\u201d, en el lenguaje de los evangelios, significa luchar decidida y efectivamente contra toda norma del mal que hace da\u00f1o al hombre y ofende a Dios. Ante esta acusaci\u00f3n, Jes\u00fas<br \/>\nles responde con autoridad, d\u00e1ndole a sus oponentes, cuatro claras respuestas. Si Jes\u00fas realiza este milagro, no lo hace por obra de Belzebul, lo cual ser\u00eda una estupidez, desde el punto de vista de la l\u00f3gica, porque ser\u00eda como si \u201cSatan\u00e1s estuviera en guerra civil\u201d y su reino dividido internamente. Jes\u00fas combate el mal y libera a la persona humana devolvi\u00e9ndole la dignidad e integr\u00e1ndolo en la sociedad, y lo hace por obra y poder de Dios mismo, para demostrar que su Reino ha llegado a nosotros y est\u00e1 actuando. Jes\u00fas pone de manifiesto en su contestaci\u00f3n que act\u00faa con el poder de Dios, el Esp\u00edritu est\u00e1 con \u00c9l, o el dedo de Dios como se expresa en Lucas. \u201cSi yo echo los demonios con el poder de Dios es que el Reino de Dios ha llegado a ustedes\u201d. (Lc 20).<\/p>\n<p>El diablo es verdaderamente -como indica el significado literal del t\u00e9rmino- el esp\u00edritu de la divisi\u00f3n, el que separa los unos de los otros. Es el pr\u00edncipe de la soledad que est\u00e1 tambi\u00e9n en este mundo y contin\u00faa todav\u00eda hoy esclavizando a los hombres, creando barreras entre unos y otros. Es el inspirador de la imposibilidad de comunicaci\u00f3n entre las personas, los pueblos y las naciones. Su presencia constante da raz\u00f3n de la incre\u00edble frecuencia de las tensiones y los conflictos en nuestra sociedad. \u00c9l, el pr\u00edncipe del mal no deja de trabajar para que la enemistad se extienda por todas partes.<\/p>\n<p>Los disc\u00edpulos est\u00e1n llamados a estar atentos y vigilantes para no ser c\u00f3mplices de este infierno que genera conflictos y guerras. Las acusaciones vertidas contra Jes\u00fas llegan hasta un punto incre\u00edble. Sin embargo el mal no se resigna: es verdaderamente descarado, y sigue actuando incluso cuando su obra destructora se hace evidente. S\u00f3lo el Se\u00f1or hace el bien Y difunde el amor, y por eso Jes\u00fas es el m\u00e1s fuerte, el que puede guardar la casa de la que habla el evangelio. Y la casa es el coraz\u00f3n de cada uno de nosotros, que es puesto a prueba por las tentaciones. Pero tambi\u00e9n la propia comunidad cristiana puede ser la casa constantemente hostigada por las fuerzas del mal. S\u00f3lo quien conf\u00eda en el Se\u00f1or, s\u00f3lo quien escucha su palabra con fidelidad, puede derrotar el poder del mal y recoger, para s\u00ed y para todos, frutos de amor y esperanza.<\/p>\n<p>La manifestaci\u00f3n definitiva de la victoria del Reino y de Jes\u00fas, es el hecho de que el demonio no tiene ya poder sobre el mundo y la humanidad. Sin embargo, esto no ocurrir\u00e1 totalmente sino hasta el final de los tiempos, cuando, como dice San Pablo, todo incluyendo la muerte, ser\u00e1 puesto bajo los pies de Jes\u00fas. Mientras tanto, nos acogemos al poder salv\u00edfico de Jes\u00fas que obra en la medida que estemos con \u00e9l, en la medida en que nos sentimos necesitados de su presencia.<\/p>\n<p>Hay una l\u00ednea sutil que separa las posibilidades del hombre de obrar seg\u00fan el esp\u00edritu de Jes\u00fas o el esp\u00edritu del mal, de aqu\u00ed la necesidad de pedir al Se\u00f1or la Gracia del discernimiento. El que no est\u00e1 conmigo est\u00e1 contra m\u00ed, nos dir\u00e1 Jes\u00fas.<\/p>\n<p>Sabemos que de manera ordinaria el demonio solo opera en el \u00e1mbito de la tentaci\u00f3n. Jes\u00fas es quien tiene el poder para ayudarnos a vencer nuestras tentaciones; por eso, este tiempo, es un tiempo privilegiado para crecer en nuestra relaci\u00f3n con Dios mediante la oraci\u00f3n. En la medida en que estemos con Jes\u00fas, el demonio tiene menos oportunidad de destruirnos. La llamada a la vigilancia es evidente. Cada uno sabe qu\u00e9 demonios lo pueden tentar desde dentro y desde fuera. Haremos bien en decir humildemente, con el Padrenuestro: \u201cNo nos dejes caer en la tentaci\u00f3n\u201d. Aprovechemos estos d\u00edas para incrementar el tiempo que dedicamos a nuestra oraci\u00f3n personal.<\/p>\n<p>\u00bfQu\u00e9 tan atentos estamos a la voz de Dios que nos invita a la conversi\u00f3n y a la fidelidad? \u00bfDe qu\u00e9 manera estamos combatiendo el mal en nosotros mismos y en la sociedad? \u00bfEstamos firmemente unidos a Cristo y trabajando por la extensi\u00f3n de su Reino y su Iglesia o solo estamos desparramando?<\/p>\n<p>Ay\u00fadanos Se\u00f1or, para que el esp\u00edritu del mal no habite en nuestro coraz\u00f3n y seamos capaces de descubrir todo el bien y la bondad que hay a nuestro alrededor. Tambi\u00e9n nosotros queremos \u201cpasar por este mundo haciendo el bien\u201d. Gracias por que nunca te cansas de llamarnos a la conversi\u00f3n y a nuestro compromiso por vivir seg\u00fan tu Palabra. Am\u00e9n.<\/p>\n<p>Bendiciones.<\/p>\n","protected":false},"excerpt":{"rendered":"<p>D\u00eda Lit\u00fargico 27 de Marzo de 2025 Mi\u00e9rcoles de la tercera semana de Cuaresma. + Evangelio de nuestro Se\u00f1or Jesucristo seg\u00fan san Lucas (11, 14-23) Jes\u00fas estaba expulsando a un demonio que era mudo. Apenas sali\u00f3 el demonio, el mudo empez\u00f3 a hablar. La muchedumbre qued\u00f3 admirada, pero algunos de ellos dec\u00edan: \u201c\u00c9ste expulsa a &hellip;<\/p>\n","protected":false},"author":3,"featured_media":11372,"comment_status":"closed","ping_status":"closed","sticky":false,"template":"","format":"standard","meta":{"footnotes":""},"categories":[1],"tags":[],"class_list":["post-11376","post","type-post","status-publish","format-standard","has-post-thumbnail","","category-uncategorized"],"_links":{"self":[{"href":"https:\/\/reinadelcielo.cl\/radio\/wp-json\/wp\/v2\/posts\/11376","targetHints":{"allow":["GET"]}}],"collection":[{"href":"https:\/\/reinadelcielo.cl\/radio\/wp-json\/wp\/v2\/posts"}],"about":[{"href":"https:\/\/reinadelcielo.cl\/radio\/wp-json\/wp\/v2\/types\/post"}],"author":[{"embeddable":true,"href":"https:\/\/reinadelcielo.cl\/radio\/wp-json\/wp\/v2\/users\/3"}],"replies":[{"embeddable":true,"href":"https:\/\/reinadelcielo.cl\/radio\/wp-json\/wp\/v2\/comments?post=11376"}],"version-history":[{"count":1,"href":"https:\/\/reinadelcielo.cl\/radio\/wp-json\/wp\/v2\/posts\/11376\/revisions"}],"predecessor-version":[{"id":11377,"href":"https:\/\/reinadelcielo.cl\/radio\/wp-json\/wp\/v2\/posts\/11376\/revisions\/11377"}],"wp:featuredmedia":[{"embeddable":true,"href":"https:\/\/reinadelcielo.cl\/radio\/wp-json\/wp\/v2\/media\/11372"}],"wp:attachment":[{"href":"https:\/\/reinadelcielo.cl\/radio\/wp-json\/wp\/v2\/media?parent=11376"}],"wp:term":[{"taxonomy":"category","embeddable":true,"href":"https:\/\/reinadelcielo.cl\/radio\/wp-json\/wp\/v2\/categories?post=11376"},{"taxonomy":"post_tag","embeddable":true,"href":"https:\/\/reinadelcielo.cl\/radio\/wp-json\/wp\/v2\/tags?post=11376"}],"curies":[{"name":"wp","href":"https:\/\/api.w.org\/{rel}","templated":true}]}}